{"id":7707,"__str__":"Projeto de Lei Complementar n\u00ba 2 de 2016 | Inclu\u00eddo na Ordem do Dia | 09/06/2016","link_detail_backend":"/materia/tramitacao/7707","metadata":{},"timestamp":"2018-10-19T16:29:00.157372-03:00","data_tramitacao":"2016-06-09","data_encaminhamento":null,"urgente":true,"turno":"C","texto":"INCLU\u00cdDO EM 2\u00ba TURNO E REDA\u00c7\u00c3O FINAL NA ORDEM DO DIA DA REUNI\u00c3O EXTRAORDIN\u00c1RIA DE 07/06/2016","data_fim_prazo":null,"ip":"","ultima_edicao":null,"status":3,"materia":34560,"unidade_tramitacao_local":10,"unidade_tramitacao_destino":21,"user":null}