{"id":25321,"__str__":"Projeto de Lei Ordin\u00e1ria n\u00ba 146 de 2019 | Inclu\u00eddo na Ordem do Dia | 06/07/2020","link_detail_backend":"/materia/tramitacao/25321","metadata":{},"timestamp":"2020-07-06T15:06:24.520991-03:00","data_tramitacao":"2020-07-06","data_encaminhamento":null,"urgente":false,"turno":"U","texto":"PARECER CONTR\u00c1RIO INCLU\u00cdDO NA ORDEM DO DIA DA REUNI\u00c3O ORDIN\u00c1RIA DE 07/07/2020 E RETIRADO PELO VEREADOR GILSON, PARA ADEQUA\u00c7\u00d5ES AO PROJETO MEDIANTE A APROVA\u00c7\u00c3O DA PELOM 03/2017","data_fim_prazo":null,"ip":"177.128.224.74","ultima_edicao":"2020-07-08T15:25:33.261302-03:00","status":3,"materia":70059,"unidade_tramitacao_local":10,"unidade_tramitacao_destino":10,"user":71}