{"id":96680,"__str__":"Projeto de Lei Ordin\u00e1ria n\u00ba 394 de 2021","link_detail_backend":"/materia/96680","metadata":{},"numero":394,"ano":2021,"numero_protocolo":10654,"data_apresentacao":"2021-08-23","tipo_apresentacao":"","data_publicacao":null,"numero_origem_externa":"","ano_origem_externa":null,"data_origem_externa":null,"apelido":"","dias_prazo":null,"data_fim_prazo":null,"em_tramitacao":false,"polemica":false,"objeto":"","complementar":false,"ementa":"INSTITUI A \u201cSEMANA MUNICIPAL DE CONSCIENTIZA\u00c7\u00c3O SOBRE O USO DA ANTENA ANTI-CEROL DE PROTE\u00c7\u00c3O AOS MOTOCICLISTAS\u201d, A SER REALIZADA, ANUALMENTE, A PARTIR DO DIA 01 DE AGOSTO E D\u00c1 OUTRAS PROVIDENCIAS.","indexacao":"INSTITUI A \u201cSEMANA MUNICIPAL DE CONSCIENTIZA\u00c7\u00c3O SOBRE O USO DA ANTENA ANTI-CEROL DE PROTE\u00c7\u00c3O AOS MOTOCICLISTAS\u201d, A SER REALIZADA, ANUALMENTE, A PARTIR DO DIA 01 DE AGOSTO E D\u00c1 OUTRAS PROVIDENCIAS.","observacao":"","resultado":"","texto_original":"http://sapl.setelagoas.mg.leg.br/media/sapl/public/materialegislativa/2021/96680/pl-semana_de_conscientizacao_antena_anti_cerol.docx","data_ultima_atualizacao":"2021-10-07T16:31:29.564164-03:00","ip":"177.128.224.74","ultima_edicao":"2021-08-23T12:51:44.725982-03:00","tipo":1,"regime_tramitacao":1,"tipo_origem_externa":null,"local_origem_externa":null,"user":71,"anexadas":[],"autores":[121]}