{"id":93170,"__str__":"Requerimento n\u00ba 2205 de 2021","link_detail_backend":"/materia/93170","metadata":{},"numero":2205,"ano":2021,"numero_protocolo":6795,"data_apresentacao":"2021-05-13","tipo_apresentacao":"","data_publicacao":null,"numero_origem_externa":"","ano_origem_externa":null,"data_origem_externa":null,"apelido":"","dias_prazo":null,"data_fim_prazo":null,"em_tramitacao":true,"polemica":false,"objeto":"","complementar":false,"ementa":"ADAPTA\u00c7\u00c3O DA CAL\u00c7ADA COM RAMPA DE ACESSIBILIDADE E FAIXA ELEVADA PARA TRAVESSIA DE PEDESTRES NA AVENIDA RENATO AZEREDO, PROXIMIDADES DO N\u00ba3170 \u2013 LOCALIZADA NO BAIRRO CANA\u00c3.","indexacao":"ADAPTA\u00c7\u00c3O DA CAL\u00c7ADA COM RAMPA DE ACESSIBILIDADE E FAIXA ELEVADA PARA TRAVESSIA DE PEDESTRES NA AVENIDA RENATO AZEREDO, PROXIMIDADES DO N\u00ba3170 \u2013 LOCALIZADA NO BAIRRO CANA\u00c3.","observacao":"","resultado":"","texto_original":"http://sapl.setelagoas.mg.leg.br/media/sapl/public/materialegislativa/2021/93170/faixa_elevada_na_avenida_renato_azeredo_em_frente_n3170.docx","data_ultima_atualizacao":"2021-05-13T12:40:25.646157-03:00","ip":"177.128.224.74","ultima_edicao":"2021-05-13T12:40:25.513347-03:00","tipo":3,"regime_tramitacao":1,"tipo_origem_externa":null,"local_origem_externa":null,"user":71,"anexadas":[],"autores":[126]}