{"id":85093,"__str__":"Anteprojeto de Lei n\u00ba 188 de 2020","link_detail_backend":"/materia/85093","metadata":{},"numero":188,"ano":2020,"numero_protocolo":7752,"data_apresentacao":"2020-07-28","tipo_apresentacao":"","data_publicacao":null,"numero_origem_externa":"","ano_origem_externa":null,"data_origem_externa":null,"apelido":"","dias_prazo":null,"data_fim_prazo":null,"em_tramitacao":true,"polemica":null,"objeto":"","complementar":null,"ementa":"DISP\u00d5E SOBRE INSTITUIR O PROGRAMA MUNICIPAL DE OPORTUNIDADE E INCLUS\u00c3O PARA JOVEM APRENDIZ, PESSOA COM DEFICI\u00caNCIA OU REABILITADOS APRENDIZ NO MUNIC\u00cdPIO DE SETE LAGOAS.","indexacao":"DISP\u00d5E SOBRE INSTITUIR O PROGRAMA MUNICIPAL DE OPORTUNIDADE E INCLUS\u00c3O PARA JOVEM APRENDIZ, PESSOA COM DEFICI\u00caNCIA OU REABILITADOS APRENDIZ NO MUNIC\u00cdPIO DE SETE LAGOAS.","observacao":"","resultado":"","texto_original":"http://sapl.setelagoas.mg.leg.br/media/sapl/public/materialegislativa/2020/85093/anteprojeto_93-2019.docx","data_ultima_atualizacao":"2020-08-11T16:39:34.704414-03:00","ip":"177.128.224.74","ultima_edicao":"2020-07-28T09:15:56.129086-03:00","tipo":10,"regime_tramitacao":1,"tipo_origem_externa":null,"local_origem_externa":null,"user":71,"anexadas":[],"autores":[97]}