{"id":142491,"__str__":"Mo\u00e7\u00e3o n\u00ba 143 de 2025","link_detail_backend":"/materia/142491","metadata":{},"numero":143,"ano":2025,"numero_protocolo":7821,"data_apresentacao":"2025-04-22","tipo_apresentacao":"","data_publicacao":null,"numero_origem_externa":"","ano_origem_externa":null,"data_origem_externa":null,"apelido":"","dias_prazo":null,"data_fim_prazo":null,"em_tramitacao":true,"polemica":false,"objeto":"","complementar":false,"ementa":"MO\u00c7\u00c3O DE CONGRATULA\u00c7\u00c3O AO DOUTOR ANDERSON WESLEY MEDEIROS DA SILVA, M\u00c9DICO, ATUANTE NO ESF S\u00c3O GERALDO, LOCALIZADO NO BAIRRO S\u00c3O GERALDO, NESTE MUNIC\u00cdPIO, PELOS RELEVANTES SERVI\u00c7OS PRESTADOS \u00c0 POPULA\u00c7\u00c3O NO EXERC\u00cdCIO DA MEDICINA","indexacao":"MO\u00c7\u00c3O DE CONGRATULA\u00c7\u00c3O AO DOUTOR ANDERSON WESLEY MEDEIROS DA SILVA, M\u00c9DICO, ATUANTE NO ESF S\u00c3O GERALDO, LOCALIZADO NO BAIRRO S\u00c3O GERALDO, NESTE MUNIC\u00cdPIO, PELOS RELEVANTES SERVI\u00c7OS PRESTADOS \u00c0 POPULA\u00c7\u00c3O NO EXERC\u00cdCIO DA MEDICINA","observacao":"","resultado":"","texto_original":"http://sapl.setelagoas.mg.leg.br/media/sapl/public/materialegislativa/2025/142491/mocao_dr_wesley.docx","data_ultima_atualizacao":"2025-04-22T16:52:36.774211-03:00","ip":"177.128.224.74","ultima_edicao":"2025-04-22T16:52:36.631486-03:00","tipo":7,"regime_tramitacao":1,"tipo_origem_externa":null,"local_origem_externa":null,"user":71,"anexadas":[],"autores":[185]}