{"id":134021,"__str__":"Projeto de Lei Ordin\u00e1ria n\u00ba 415 de 2024","link_detail_backend":"/materia/134021","metadata":{},"numero":415,"ano":2024,"numero_protocolo":6266,"data_apresentacao":"2024-08-20","tipo_apresentacao":"","data_publicacao":null,"numero_origem_externa":"","ano_origem_externa":null,"data_origem_externa":null,"apelido":"","dias_prazo":null,"data_fim_prazo":null,"em_tramitacao":false,"polemica":false,"objeto":"","complementar":false,"ementa":"INCLUI NO CALEND\u00c1RIO OFICIAL DE EVENTOS DO MUNIC\u00cdPIO DE SETE LAGOAS A FESTA DA PAR\u00d3QUIA S\u00c3O FRANCISCO DE ASSIS, CONSIDERANDO-A TAMB\u00c9M COMO PATRIM\u00d4NIO CULTURAL IMATERIAL E D\u00c1 OUTRAS PROVID\u00caNCIAS.","indexacao":"INCLUI NO CALEND\u00c1RIO OFICIAL DE EVENTOS DO MUNIC\u00cdPIO DE SETE LAGOAS A FESTA DA PAR\u00d3QUIA S\u00c3O FRANCISCO DE ASSIS, CONSIDERANDO-A TAMB\u00c9M COMO PATRIM\u00d4NIO CULTURAL IMATERIAL E D\u00c1 OUTRAS PROVID\u00caNCIAS.","observacao":"","resultado":"","texto_original":"http://sapl.setelagoas.mg.leg.br/media/sapl/public/materialegislativa/2024/134021/plo_-_festa_sao_francisco_de_assis.docx","data_ultima_atualizacao":"2024-11-07T08:03:04.430582-03:00","ip":"177.128.224.74","ultima_edicao":"2024-08-22T11:33:35.744948-03:00","tipo":1,"regime_tramitacao":1,"tipo_origem_externa":null,"local_origem_externa":null,"user":71,"anexadas":[],"autores":[51]}