{"id":111872,"__str__":"Mo\u00e7\u00e3o n\u00ba 446 de 2022","link_detail_backend":"/materia/111872","metadata":{},"numero":446,"ano":2022,"numero_protocolo":17850,"data_apresentacao":"2022-11-30","tipo_apresentacao":"","data_publicacao":null,"numero_origem_externa":"","ano_origem_externa":null,"data_origem_externa":null,"apelido":"","dias_prazo":null,"data_fim_prazo":null,"em_tramitacao":true,"polemica":false,"objeto":"","complementar":false,"ementa":"MO\u00c7\u00c3O DE CONGRATULA\u00c7\u00c3O A JOELMA V\u00c2NIA COSTA MOURA PELO LAN\u00c7AMENTO DO LIVRO \u201cCRACK \u2013 EU VENCI ESSA PEDRA DO MEU CAMINHO\u201d, BEM COMO PELA PARTICIPA\u00c7\u00c3O NA 2\u00aa BIENAL DO LIVRO, NOSSA TERRA \u2013 NOSSA GENTE DE SETE LAGOAS \u2013 MG, QUE FOI REALIZADA NOS DIAS 21 A 22 DE OUTUBRO DE 2022, NO GIN\u00c1SIO POLIESPORTIVO DR. M\u00c1RCIO PAULINO DE SETE LAGOAS \u2013 MG","indexacao":"MO\u00c7\u00c3O DE CONGRATULA\u00c7\u00c3O A JOELMA V\u00c2NIA COSTA MOURA PELO LAN\u00c7AMENTO DO LIVRO \u201cCRACK \u2013 EU VENCI ESSA PEDRA DO MEU CAMINHO\u201d, BEM COMO PELA PARTICIPA\u00c7\u00c3O NA 2\u00aa BIENAL DO LIVRO, NOSSA TERRA \u2013 NOSSA GENTE DE SETE LAGOAS \u2013 MG, QUE FOI REALIZADA NOS DIAS 21 A 22 DE OUTUBRO DE 2022, NO GIN\u00c1SIO POLIESPORTIVO DR. M\u00c1RCIO PAULINO DE SETE LAGOAS \u2013 MG","observacao":"","resultado":"","texto_original":"http://sapl.setelagoas.mg.leg.br/media/sapl/public/materialegislativa/2022/111872/mocao_11.2022_-_congratulacao_joelma_vania_costa_moura.docx","data_ultima_atualizacao":"2022-11-30T10:37:38.170508-03:00","ip":"177.128.224.74","ultima_edicao":"2022-11-30T10:37:37.986744-03:00","tipo":7,"regime_tramitacao":1,"tipo_origem_externa":null,"local_origem_externa":null,"user":71,"anexadas":[],"autores":[132]}