{"id":110089,"__str__":"Mo\u00e7\u00e3o n\u00ba 291 de 2022","link_detail_backend":"/materia/110089","metadata":{},"numero":291,"ano":2022,"numero_protocolo":14556,"data_apresentacao":"2022-08-29","tipo_apresentacao":"","data_publicacao":null,"numero_origem_externa":"","ano_origem_externa":null,"data_origem_externa":null,"apelido":"","dias_prazo":null,"data_fim_prazo":null,"em_tramitacao":true,"polemica":false,"objeto":"","complementar":false,"ementa":"MO\u00c7\u00c3O DE CONGRATULA\u00c7\u00c3O A EDM\u00c1RMORES PELA PARTICIPA\u00c7\u00c3O NA FECONEX, 1\u00aa FEIRA DE NEG\u00d3CIOS DE SETE LAGOAS \u2013 MG, QUE FOI REALIZADA NOS DIAS 17 A 20 DE AGOSTO DE 2022, NO ESTACIONAMENTO DA ARENA DE JACAR\u00c9 DE SETE LAGOAS \u2013 MG","indexacao":"MO\u00c7\u00c3O DE CONGRATULA\u00c7\u00c3O A EDM\u00c1RMORES PELA PARTICIPA\u00c7\u00c3O NA FECONEX, 1\u00aa FEIRA DE NEG\u00d3CIOS DE SETE LAGOAS \u2013 MG, QUE FOI REALIZADA NOS DIAS 17 A 20 DE AGOSTO DE 2022, NO ESTACIONAMENTO DA ARENA DE JACAR\u00c9 DE SETE LAGOAS \u2013 MG","observacao":"","resultado":"","texto_original":"http://sapl.setelagoas.mg.leg.br/media/sapl/public/materialegislativa/2022/110089/mocao_08.2022_-_congratulacao_edmarmores.docx","data_ultima_atualizacao":"2022-08-29T11:04:07.290867-03:00","ip":"177.128.224.74","ultima_edicao":"2022-08-29T11:04:07.068933-03:00","tipo":7,"regime_tramitacao":1,"tipo_origem_externa":null,"local_origem_externa":null,"user":71,"anexadas":[],"autores":[132]}