{"id":101371,"__str__":"Requerimento n\u00ba 1160 de 2022","link_detail_backend":"/materia/101371","metadata":{},"numero":1160,"ano":2022,"numero_protocolo":2592,"data_apresentacao":"2022-01-07","tipo_apresentacao":"","data_publicacao":null,"numero_origem_externa":"","ano_origem_externa":null,"data_origem_externa":null,"apelido":"","dias_prazo":null,"data_fim_prazo":null,"em_tramitacao":true,"polemica":false,"objeto":"","complementar":false,"ementa":"ADAPTA\u00c7\u00c3O DA CAL\u00c7ADA COM RAMPA DE ACESSIBILIDADE E FAIXA ELEVADA PARA TRAVESSIA DE PEDESTRES NA AVENIDA RENATO AZEREDO, PROXIMIDADES DO N\u00ba3170 \u2013 LOCALIZADA NO BAIRRO CANA\u00c3","indexacao":"ADAPTA\u00c7\u00c3O DA CAL\u00c7ADA COM RAMPA DE ACESSIBILIDADE E FAIXA ELEVADA PARA TRAVESSIA DE PEDESTRES NA AVENIDA RENATO AZEREDO, PROXIMIDADES DO N\u00ba3170 \u2013 LOCALIZADA NO BAIRRO CANA\u00c3","observacao":"","resultado":"","texto_original":"http://sapl.setelagoas.mg.leg.br/media/sapl/public/materialegislativa/2022/101371/faixa_elevada_na_avenida_renato_azeredo_em_frente_n3170.docx","data_ultima_atualizacao":"2022-01-07T10:05:48.179857-03:00","ip":"177.128.224.74","ultima_edicao":"2022-01-07T10:05:48.051386-03:00","tipo":3,"regime_tramitacao":1,"tipo_origem_externa":null,"local_origem_externa":null,"user":71,"anexadas":[],"autores":[126]}