{"id":100951,"__str__":"Requerimento n\u00ba 971 de 2022","link_detail_backend":"/materia/100951","metadata":{},"numero":971,"ano":2022,"numero_protocolo":2161,"data_apresentacao":"2022-01-06","tipo_apresentacao":"","data_publicacao":null,"numero_origem_externa":"","ano_origem_externa":null,"data_origem_externa":null,"apelido":"","dias_prazo":null,"data_fim_prazo":null,"em_tramitacao":true,"polemica":false,"objeto":"","complementar":false,"ementa":"SESS\u00c3O ESPECIAL EM HOMENAGEM AOS SERVIDORES E VOLUT\u00c1RIOS DA VACINA\u00c7\u00c3O DO COVID-19","indexacao":"SESS\u00c3O ESPECIAL EM HOMENAGEM AOS SERVIDORES E VOLUT\u00c1RIOS DA VACINA\u00c7\u00c3O DO COVID-19","observacao":"","resultado":"","texto_original":"http://sapl.setelagoas.mg.leg.br/media/sapl/public/materialegislativa/2022/100951/sessao_especial_em_homenagem_aos_servidores_e_volutarios_da_vacinacao_do_covid-19.docx","data_ultima_atualizacao":"2022-01-06T12:27:54.481222-03:00","ip":"177.128.224.74","ultima_edicao":"2022-01-06T12:27:54.298556-03:00","tipo":3,"regime_tramitacao":1,"tipo_origem_externa":null,"local_origem_externa":null,"user":71,"anexadas":[],"autores":[97]}