{"id":28625,"__str__":"Emenda Aditiva - EMENDA ADITIVA 41 de 12/06/2025 por ALBER ENFERMEIRO","link_detail_backend":"/materia/documentoacessorio/28625","metadata":{},"nome":"EMENDA ADITIVA 41","data":"2025-06-12","autor":"ALBER ENFERMEIRO","ementa":"EMENDA ADITIVA  N\u00ba 41 AO PROJEJTO DE LEI 424/2025 - INCLUI PROJETO PRIORIT\u00c1RIO NA A\u00c7\u00c3O 2073 \u2013 ATEN\u00c7\u00c3O B\u00c1SICA EM SA\u00daDE, VOLTADO \u00c0 REVITALIZA\u00c7\u00c3O DA CL\u00cdNICA ODONTOL\u00d3GICA ELZA MOREIRA.","indexacao":"EMENDA ADITIVA  N\u00ba 41 AO PROJEJTO DE LEI 424/2025 - INCLUI PROJETO PRIORIT\u00c1RIO NA A\u00c7\u00c3O 2073 \u2013 ATEN\u00c7\u00c3O B\u00c1SICA EM SA\u00daDE, VOLTADO \u00c0 REVITALIZA\u00c7\u00c3O DA CL\u00cdNICA ODONTOL\u00d3GICA ELZA MOREIRA.","arquivo":"http://sapl.setelagoas.mg.leg.br/media/sapl/public/documentoacessorio/2025/28625/emenda_aditiva-no_41-_revitalizacao_clinica_elza_moreira.docx","data_ultima_atualizacao":"2025-07-14T15:23:00.703392-03:00","materia":143451,"tipo":17}